{"id":888,"date":"2014-09-22T09:56:46","date_gmt":"2014-09-22T07:56:46","guid":{"rendered":"http:\/\/uszytki.pl\/?p=888"},"modified":"2014-09-22T09:56:46","modified_gmt":"2014-09-22T07:56:46","slug":"dla-maluchow","status":"publish","type":"post","link":"https:\/\/uszytki.pl\/en\/dla-maluchow\/","title":{"rendered":"Dla maluch\u00f3w"},"content":{"rendered":"<p>Ostatnio zosta\u0142am poproszona o prezent z okazji chrztu dla ma\u0142ej Lidzi. Spodoba jej si\u0119?<\/p>\n<p><a href=\"http:\/\/uszytki.pl\/wp-content\/uploads\/2014\/09\/IMG_6390.jpg\"><img loading=\"lazy\" decoding=\"async\" class=\"alignnone size-medium wp-image-889\" alt=\"IMG_6390\" src=\"http:\/\/uszytki.pl\/wp-content\/uploads\/2014\/09\/IMG_6390-320x320.jpg\" width=\"300\" height=\"300\" srcset=\"https:\/\/uszytki.pl\/wp-content\/uploads\/2014\/09\/IMG_6390-320x320.jpg 320w, https:\/\/uszytki.pl\/wp-content\/uploads\/2014\/09\/IMG_6390-150x150.jpg 150w, https:\/\/uszytki.pl\/wp-content\/uploads\/2014\/09\/IMG_6390-1024x1024.jpg 1024w, https:\/\/uszytki.pl\/wp-content\/uploads\/2014\/09\/IMG_6390-90x90.jpg 90w, https:\/\/uszytki.pl\/wp-content\/uploads\/2014\/09\/IMG_6390-300x300.jpg 300w, https:\/\/uszytki.pl\/wp-content\/uploads\/2014\/09\/IMG_6390-50x50.jpg 50w, https:\/\/uszytki.pl\/wp-content\/uploads\/2014\/09\/IMG_6390-540x540.jpg 540w, https:\/\/uszytki.pl\/wp-content\/uploads\/2014\/09\/IMG_6390.jpg 1140w\" sizes=\"auto, (max-width: 300px) 100vw, 300px\" \/><\/a> <a href=\"http:\/\/uszytki.pl\/wp-content\/uploads\/2014\/09\/IMG_6405.jpg\"><img loading=\"lazy\" decoding=\"async\" class=\"alignnone size-medium wp-image-892\" alt=\"IMG_6405\" src=\"http:\/\/uszytki.pl\/wp-content\/uploads\/2014\/09\/IMG_6405-320x320.jpg\" width=\"300\" height=\"300\" srcset=\"https:\/\/uszytki.pl\/wp-content\/uploads\/2014\/09\/IMG_6405-320x320.jpg 320w, https:\/\/uszytki.pl\/wp-content\/uploads\/2014\/09\/IMG_6405-150x150.jpg 150w, https:\/\/uszytki.pl\/wp-content\/uploads\/2014\/09\/IMG_6405-1024x1024.jpg 1024w, https:\/\/uszytki.pl\/wp-content\/uploads\/2014\/09\/IMG_6405-90x90.jpg 90w, https:\/\/uszytki.pl\/wp-content\/uploads\/2014\/09\/IMG_6405-300x300.jpg 300w, https:\/\/uszytki.pl\/wp-content\/uploads\/2014\/09\/IMG_6405-50x50.jpg 50w, https:\/\/uszytki.pl\/wp-content\/uploads\/2014\/09\/IMG_6405-540x540.jpg 540w, https:\/\/uszytki.pl\/wp-content\/uploads\/2014\/09\/IMG_6405.jpg 1217w\" sizes=\"auto, (max-width: 300px) 100vw, 300px\" \/><\/a><\/p>\n<p>&nbsp;<\/p>\n<p>A teraz jeszcze zaleg\u0142a laleczka urodzinowa:<\/p>\n<p><a href=\"http:\/\/uszytki.pl\/wp-content\/uploads\/2014\/09\/IMG_6343.jpg\"><img loading=\"lazy\" decoding=\"async\" class=\"alignnone size-medium wp-image-893\" alt=\"IMG_6343\" src=\"http:\/\/uszytki.pl\/wp-content\/uploads\/2014\/09\/IMG_6343-320x320.jpg\" width=\"300\" height=\"300\" srcset=\"https:\/\/uszytki.pl\/wp-content\/uploads\/2014\/09\/IMG_6343-320x320.jpg 320w, https:\/\/uszytki.pl\/wp-content\/uploads\/2014\/09\/IMG_6343-150x150.jpg 150w, https:\/\/uszytki.pl\/wp-content\/uploads\/2014\/09\/IMG_6343-1022x1024.jpg 1022w, https:\/\/uszytki.pl\/wp-content\/uploads\/2014\/09\/IMG_6343-90x90.jpg 90w, https:\/\/uszytki.pl\/wp-content\/uploads\/2014\/09\/IMG_6343-300x300.jpg 300w, https:\/\/uszytki.pl\/wp-content\/uploads\/2014\/09\/IMG_6343-50x50.jpg 50w, https:\/\/uszytki.pl\/wp-content\/uploads\/2014\/09\/IMG_6343-540x540.jpg 540w, https:\/\/uszytki.pl\/wp-content\/uploads\/2014\/09\/IMG_6343.jpg 1110w\" sizes=\"auto, (max-width: 300px) 100vw, 300px\" \/><\/a> <a href=\"http:\/\/uszytki.pl\/wp-content\/uploads\/2014\/09\/IMG_6344.jpg\"><img loading=\"lazy\" decoding=\"async\" class=\"alignnone size-medium wp-image-894\" alt=\"IMG_6344\" src=\"http:\/\/uszytki.pl\/wp-content\/uploads\/2014\/09\/IMG_6344-320x321.jpg\" width=\"300\" height=\"300\" srcset=\"https:\/\/uszytki.pl\/wp-content\/uploads\/2014\/09\/IMG_6344-320x321.jpg 320w, https:\/\/uszytki.pl\/wp-content\/uploads\/2014\/09\/IMG_6344-150x150.jpg 150w, https:\/\/uszytki.pl\/wp-content\/uploads\/2014\/09\/IMG_6344-1020x1024.jpg 1020w, https:\/\/uszytki.pl\/wp-content\/uploads\/2014\/09\/IMG_6344-90x90.jpg 90w, https:\/\/uszytki.pl\/wp-content\/uploads\/2014\/09\/IMG_6344-300x300.jpg 300w, https:\/\/uszytki.pl\/wp-content\/uploads\/2014\/09\/IMG_6344-50x50.jpg 50w, https:\/\/uszytki.pl\/wp-content\/uploads\/2014\/09\/IMG_6344-540x541.jpg 540w, https:\/\/uszytki.pl\/wp-content\/uploads\/2014\/09\/IMG_6344.jpg 1094w\" sizes=\"auto, (max-width: 300px) 100vw, 300px\" \/><\/a><\/p>\n<p>&nbsp;<\/p>\n<p>I niemowlaczek (ten jest jeszcze dost\u0119pny w zak\u0142adce SKLEP):<\/p>\n<p><a href=\"http:\/\/uszytki.pl\/wp-content\/uploads\/2014\/09\/IMG_6406.jpg\"><img loading=\"lazy\" decoding=\"async\" class=\"alignnone size-medium wp-image-895\" alt=\"IMG_6406\" src=\"http:\/\/uszytki.pl\/wp-content\/uploads\/2014\/09\/IMG_6406-320x320.jpg\" width=\"300\" height=\"300\" srcset=\"https:\/\/uszytki.pl\/wp-content\/uploads\/2014\/09\/IMG_6406-320x320.jpg 320w, https:\/\/uszytki.pl\/wp-content\/uploads\/2014\/09\/IMG_6406-150x150.jpg 150w, https:\/\/uszytki.pl\/wp-content\/uploads\/2014\/09\/IMG_6406-1024x1024.jpg 1024w, https:\/\/uszytki.pl\/wp-content\/uploads\/2014\/09\/IMG_6406-90x90.jpg 90w, https:\/\/uszytki.pl\/wp-content\/uploads\/2014\/09\/IMG_6406-300x300.jpg 300w, https:\/\/uszytki.pl\/wp-content\/uploads\/2014\/09\/IMG_6406-50x50.jpg 50w, https:\/\/uszytki.pl\/wp-content\/uploads\/2014\/09\/IMG_6406-540x540.jpg 540w, https:\/\/uszytki.pl\/wp-content\/uploads\/2014\/09\/IMG_6406.jpg 1044w\" sizes=\"auto, (max-width: 300px) 100vw, 300px\" \/><\/a> <a href=\"http:\/\/uszytki.pl\/wp-content\/uploads\/2014\/09\/IMG_6409.jpg\"><img loading=\"lazy\" decoding=\"async\" class=\"alignnone size-medium wp-image-897\" alt=\"IMG_6409\" src=\"http:\/\/uszytki.pl\/wp-content\/uploads\/2014\/09\/IMG_6409-320x320.jpg\" width=\"300\" height=\"300\" srcset=\"https:\/\/uszytki.pl\/wp-content\/uploads\/2014\/09\/IMG_6409-320x320.jpg 320w, https:\/\/uszytki.pl\/wp-content\/uploads\/2014\/09\/IMG_6409-150x150.jpg 150w, https:\/\/uszytki.pl\/wp-content\/uploads\/2014\/09\/IMG_6409-1024x1024.jpg 1024w, https:\/\/uszytki.pl\/wp-content\/uploads\/2014\/09\/IMG_6409-90x90.jpg 90w, https:\/\/uszytki.pl\/wp-content\/uploads\/2014\/09\/IMG_6409-300x300.jpg 300w, https:\/\/uszytki.pl\/wp-content\/uploads\/2014\/09\/IMG_6409-50x50.jpg 50w, https:\/\/uszytki.pl\/wp-content\/uploads\/2014\/09\/IMG_6409-540x540.jpg 540w, https:\/\/uszytki.pl\/wp-content\/uploads\/2014\/09\/IMG_6409.jpg 1263w\" sizes=\"auto, (max-width: 300px) 100vw, 300px\" \/><\/a><\/p>\n","protected":false},"excerpt":{"rendered":"<p>Ostatnio zosta\u0142am poproszona o prezent z okazji chrztu dla ma\u0142ej Lidzi. Spodoba jej si\u0119? &nbsp; A teraz jeszcze zaleg\u0142a laleczka urodzinowa: &nbsp; I niemowlaczek (ten jest jeszcze dost\u0119pny w zak\u0142adce SKLEP):<\/p>\n","protected":false},"author":1,"featured_media":892,"comment_status":"open","ping_status":"open","sticky":false,"template":"","format":"standard","meta":{"footnotes":""},"categories":[30,44,1],"tags":[94,24,91,92,63,78],"class_list":["post-888","post","type-post","status-publish","format-standard","has-post-thumbnail","hentry","category-la-le","category-udomowione","category-uszytki","tag-dzidzius","tag-jasne","tag-lalki-recznie-szyte","tag-recznie-szyte","tag-uszytki-2","tag-zamowienie"],"_links":{"self":[{"href":"https:\/\/uszytki.pl\/en\/wp-json\/wp\/v2\/posts\/888","targetHints":{"allow":["GET"]}}],"collection":[{"href":"https:\/\/uszytki.pl\/en\/wp-json\/wp\/v2\/posts"}],"about":[{"href":"https:\/\/uszytki.pl\/en\/wp-json\/wp\/v2\/types\/post"}],"author":[{"embeddable":true,"href":"https:\/\/uszytki.pl\/en\/wp-json\/wp\/v2\/users\/1"}],"replies":[{"embeddable":true,"href":"https:\/\/uszytki.pl\/en\/wp-json\/wp\/v2\/comments?post=888"}],"version-history":[{"count":1,"href":"https:\/\/uszytki.pl\/en\/wp-json\/wp\/v2\/posts\/888\/revisions"}],"predecessor-version":[{"id":898,"href":"https:\/\/uszytki.pl\/en\/wp-json\/wp\/v2\/posts\/888\/revisions\/898"}],"wp:featuredmedia":[{"embeddable":true,"href":"https:\/\/uszytki.pl\/en\/wp-json\/wp\/v2\/media\/892"}],"wp:attachment":[{"href":"https:\/\/uszytki.pl\/en\/wp-json\/wp\/v2\/media?parent=888"}],"wp:term":[{"taxonomy":"category","embeddable":true,"href":"https:\/\/uszytki.pl\/en\/wp-json\/wp\/v2\/categories?post=888"},{"taxonomy":"post_tag","embeddable":true,"href":"https:\/\/uszytki.pl\/en\/wp-json\/wp\/v2\/tags?post=888"}],"curies":[{"name":"wp","href":"https:\/\/api.w.org\/{rel}","templated":true}]}}