{"id":2329,"date":"2020-05-12T15:04:54","date_gmt":"2020-05-12T13:04:54","guid":{"rendered":"https:\/\/uszytki.pl\/?p=2329"},"modified":"2020-05-12T15:15:49","modified_gmt":"2020-05-12T13:15:49","slug":"jak-uszyc-ksiazeczke-sensoryczna","status":"publish","type":"post","link":"https:\/\/uszytki.pl\/en\/jak-uszyc-ksiazeczke-sensoryczna\/","title":{"rendered":"Jak uszy\u0107 ksi\u0105\u017ceczk\u0119 sensoryczn\u0105?"},"content":{"rendered":"\n<p>Cze\u015b\u0107, moi drodzy!<\/p>\n\n\n\n<p>Ja naprawd\u0119 nie kokietowa\u0142am twierdz\u0105c niejednokrotnie, \u017ce wi\u0119cej si\u0119 za tak\u0105 tw\u00f3rczo\u015b\u0107 nie wezm\u0119, a mimo to do\u015b\u0107 cz\u0119sto dostaj\u0119 od kogo\u015b pro\u015bb\u0119, \u017ceby jednak zrobi\u0107 wyj\u0105tek i jeszcze jedn\u0105, dwie, trzy&#8230; uszy\u0107. Postanowi\u0142am wyj\u015b\u0107 Wam naprzeciw i poczyni\u0107 kr\u00f3tk\u0105 instrukcj\u0119 samodzielnego stworzenia <em>quiet book.<\/em> <br>Najpierw zamieszcz\u0119 linki do kilku spo\u015br\u00f3d moich ksi\u0105\u017ceczek, dla podniesienia na duchu, \u017ceby\u015bcie si\u0119 przyjrzeli. Naprawd\u0119, nic tam trudnego, jest to jedynie mocno czasoch\u0142onne, a ja ten czas wol\u0119 po\u015bwi\u0119ci\u0107 progeniturze \ud83d\ude42 <\/p>\n\n\n\n<p><a rel=\"noreferrer noopener\" href=\"https:\/\/www.youtube.com\/watch?v=qqOeDZJO5gE&amp;t=16s\" target=\"_blank\">https:\/\/www.youtube.com\/watch?v=qqOeDZJO5gE&amp;t=16s<\/a><br><a rel=\"noreferrer noopener\" href=\"https:\/\/www.youtube.com\/watch?v=qfC_1w3XMrw&amp;t=388s\" target=\"_blank\">https:\/\/www.youtube.com\/watch?v=qfC_1w3XMrw&amp;t=388s<\/a><br><a rel=\"noreferrer noopener\" href=\"https:\/\/www.youtube.com\/watch?v=I3uvyaU1l2Q\" target=\"_blank\">https:\/\/www.youtube.com\/watch?v=I3uvyaU1l2Q<\/a><br><a rel=\"noreferrer noopener\" href=\"https:\/\/www.youtube.com\/watch?v=zaq21dqMoYU\" target=\"_blank\">https:\/\/www.youtube.com\/watch?v=zaq21dqMoYU<\/a><\/p>\n\n\n\n<p><br>Jak sami widzicie, trzeba si\u0119 najpierw zdecydowa\u0107, co chcemy z dzieckiem \u0107wiczy\u0107. Czy liczenie (wtedy np. liczyd\u0142o, pizza z pomidorkami, muffinki, czy liczba biedronek na przestrzeni ksi\u0105\u017ceczki), czy motoryk\u0119 ma\u0142\u0105 (zaplatanie warkocza, ogona, ubieranie laleczek w ubranka z szafy, pralka i klamerki do wieszania, wyjmowanie i wk\u0142adanie wyhodowanych warzyw, kropki biedronek czy muchomork\u00f3w, \u017c\u00f3\u0142wik z koralikami, robaczek zjadaj\u0105cy gruszk\u0119), zapinanie (zatrzaski &#8211; jab\u0142ka na drzewie, guziki &#8211; kwiaty w odpowiednich kolorach, zamki b\u0142yskawiczne &#8211; kieszonki, muchomor), uk\u0142adanie (puzzle, twarze np. klauna), rozpoznawanie kolor\u00f3w i kszta\u0142t\u00f3w (geometryczne kwiaty, lody), zadania i prace domowe (pranie, gotowanie, uk\u0142adanie w szafie, ubieranie), zegarek (zegarek), wi\u0105zanie sznur\u00f3wek (buty albo puenty baletnicy), no i jeszcze inne rzeczy, typu rozpoznawanie p\u00f3r roku, zdj\u0119\u0107 cz\u0142onk\u00f3w rodziny, transformacji robaczka w motyla, jak si\u0119 ubra\u0107 stosownie do pogody, mycie z\u0119b\u00f3w i takie tam r\u00f3\u017cne \ud83d\ude42<\/p>\n\n\n\n<ul class=\"wp-block-gallery columns-2 is-cropped wp-block-gallery-1 is-layout-flex wp-block-gallery-is-layout-flex\"><li class=\"blocks-gallery-item\"><figure><img loading=\"lazy\" decoding=\"async\" width=\"800\" height=\"803\" src=\"https:\/\/uszytki.pl\/wp-content\/uploads\/2020\/05\/QB1.jpg\" alt=\"\" data-id=\"2332\" data-link=\"https:\/\/uszytki.pl\/?attachment_id=2332\" class=\"wp-image-2332\" srcset=\"https:\/\/uszytki.pl\/wp-content\/uploads\/2020\/05\/QB1.jpg 800w, https:\/\/uszytki.pl\/wp-content\/uploads\/2020\/05\/QB1-150x150.jpg 150w, https:\/\/uszytki.pl\/wp-content\/uploads\/2020\/05\/QB1-300x301.jpg 300w, https:\/\/uszytki.pl\/wp-content\/uploads\/2020\/05\/QB1-768x771.jpg 768w, https:\/\/uszytki.pl\/wp-content\/uploads\/2020\/05\/QB1-60x60.jpg 60w, https:\/\/uszytki.pl\/wp-content\/uploads\/2020\/05\/QB1-100x100.jpg 100w\" sizes=\"auto, (max-width: 800px) 100vw, 800px\" \/><\/figure><\/li><li class=\"blocks-gallery-item\"><figure><img loading=\"lazy\" decoding=\"async\" width=\"800\" height=\"801\" src=\"https:\/\/uszytki.pl\/wp-content\/uploads\/2020\/05\/QB2.jpg\" alt=\"\" data-id=\"2333\" data-link=\"https:\/\/uszytki.pl\/?attachment_id=2333\" class=\"wp-image-2333\" srcset=\"https:\/\/uszytki.pl\/wp-content\/uploads\/2020\/05\/QB2.jpg 800w, https:\/\/uszytki.pl\/wp-content\/uploads\/2020\/05\/QB2-150x150.jpg 150w, https:\/\/uszytki.pl\/wp-content\/uploads\/2020\/05\/QB2-300x300.jpg 300w, https:\/\/uszytki.pl\/wp-content\/uploads\/2020\/05\/QB2-768x769.jpg 768w, https:\/\/uszytki.pl\/wp-content\/uploads\/2020\/05\/QB2-60x60.jpg 60w, https:\/\/uszytki.pl\/wp-content\/uploads\/2020\/05\/QB2-100x100.jpg 100w\" sizes=\"auto, (max-width: 800px) 100vw, 800px\" \/><\/figure><\/li><\/ul>\n\n\n\n<p>Gdy ju\u017c zapiszecie sobie p\u0119katy folder pomys\u0142\u00f3w i poczynicie odpowiednie zakupy (szyjemy z filcu &#8211; ma t\u0119 cudown\u0105 w\u0142a\u015bciwo\u015b\u0107, \u017ce wymaga obr\u0119biania, bo nie strz\u0119pi\u0105 mu si\u0119 brzegi i w dodatku ch\u0119tnie wsp\u00f3\u0142pracuje z klejem na gor\u0105co. Poza tym: guziczki, figurki, wst\u0105\u017ceczki, koronki, sznureczki, zapi\u0119cia, klamerki, firanki, gumki, zamki b\u0142yskawiczne, rzepy, zatrzaski&#8230; Aha, zawsze, ale to zawsze zapomina si\u0119 o koralikach i tasiemce do obszywania ok\u0142adki), to ustalcie sobie format (u mnie najcz\u0119\u015bciej kwadrat o szeroko\u015bci A4) i poprzycinajcie do\u0144 wszystkie arkusze filcu przeznaczone na t\u0142a zaplanowanych stron.&nbsp;<br>Nast\u0119pnie poszalejcie z pierwsz\u0105 stron\u0105, tak\u0105, kt\u00f3r\u0105 najbardziej b\u0119dziecie chcieli zrobi\u0107 jeszcze na etapie ogl\u0105da\u0142ania w necie pomys\u0142\u00f3w \ud83d\ude42 Ozd\u00f3bcie, ukryjcie co\u015b w k\u0105ciku, na gumce, wyszyjcie motylka&#8230;&nbsp; Po pierwszej stronie bardzo szybko chce si\u0119 zrobi\u0107 drug\u0105 \ud83d\ude42<br>U\u017cywajcie p\u00f3\u0142produkt\u00f3w. W Biedronce sezonowo pojawiaj\u0105 si\u0119 \u015bwi\u0105teczne dekoracje precyzyjnie maszynowo ci\u0119te z kolorowego filcu. Czemu by nie wykorzysta\u0107 ich fragment\u00f3w? Male\u0144kie, drewniane biedroneczki, czy przyklejane oczka mo\u017cna kupi\u0107 w ka\u017cdej pasmanterii. A jak u\u0142atwiaj\u0105 \u017cycie guziki w kszta\u0142cie jab\u0142uszek! Albo wyci\u0119te z dzieci\u0119cych spodni kieszonki zapinane na zameczek.<br>Bezwzgl\u0119dnie niezb\u0119dny jest te\u017c klej na gor\u0105co. Drobne elementy z rzepem od spodu \u0142adniej&nbsp;wygl\u0105daj\u0105, gdy rzep jest przyklejony, ni\u017c kiedy g\u00f3ra pokryta jest szwami.&nbsp;<br>Proponuj\u0119 te\u017c, \u017ceby\u015bcie przygotowuj\u0105c ka\u017cd\u0105 stron\u0119, najpierw powycinali wszystkie elementy, pouk\u0142adali je, dopasowali i dopiero wtedy zacz\u0119li zszywa\u0107 od najni\u017cszych warstw. Mo\u017cna w ten spos\u00f3b unikn\u0105\u0107 pomy\u0142ek typu: &#8220;Oj, przyszy\u0142am ju\u017c biedronk\u0119, jak jej teraz wszy\u0107 zamek do \u015brodka?&#8221;, albo &#8220;Piesek ju\u017c przyszyty, \u015bliczny wyszed\u0142, tylko dlaczego ta obro\u017ca, co si\u0119 mia\u0142a zapina\u0107 le\u017cy obok?!&#8221;<br>Prawie wszystkie odpinane, osobne, doczepiane elementy sk\u0142adaj\u0105 si\u0119 u mnie z dw\u00f3ch &#8211; trzech warstw filcu, zszytych lub sklejonych. S\u0105 wtedy sztywniejsze i trwalsze.&nbsp;<br>Po uszyciu wszystkich pojedynczych stron, kiedy jeste\u015bcie ju\u017c bardzo zadowoleni z siebie, a jeszcze pami\u0119tacie, kiedy zacz\u0119li\u015bcie \ud83d\ude42 posk\u0142adajcie je w pary &#8220;plecami&#8221; do siebie. W ten spos\u00f3b w miejsce pojedynczych stron otrzymacie dwustronicowe &#8220;kartki&#8221; z ukryt\u0105 lew\u0105 stron\u0105. Zszyjcie je na wszystkich&nbsp;czterech kraw\u0119dziach i pouk\u0142adajcie w takiej kolejno\u015bci, w jakiej chcecie, \u017ceby by\u0142y w ksi\u0105\u017ceczce. Przedziurkujcie wszystkie na tej samej wysoko\u015bci. Przewleczcie wst\u0105\u017ceczki przez dziurki i zwi\u0105\u017ccie. Macie ju\u017c ksi\u0105\u017ceczk\u0119, tyle \u017ce bez ok\u0142adki.&nbsp;<br>Metod przyszywania do ok\u0142adki jest pewnie wiele. Proponuj\u0119 dwie do wyboru:<br>1) Zostawcie luzem dwie dwustronicowe &#8220;kartki&#8221;, b\u0119d\u0105 ok\u0142adk\u0105 z przodu i z ty\u0142u, reszt\u0119 zwi\u0105\u017ccie. Prze\u0142\u00f3\u017ccie pod\u0142u\u017cny kawa\u0142ek filcu przez wszystkie wst\u0105\u017ceczki \u0142\u0105cz\u0105ce kartki ksi\u0105\u017ceczki, a potem przyklejcie go do podobnego, nieco wi\u0119kszego kawa\u0142ka filcu, tak, aby wst\u0105\u017ceczki znalaz\u0142y si\u0119 wewn\u0105trz dw\u00f3ch warstw grzbietu ok\u0142adki. Mo\u017cecie doklei\u0107 jeszcze jedn\u0105 lub dwie warstwy, b\u0119dzie sztywniejsza. Teraz ju\u017c tylko doszy\u0107 prz\u00f3d i ty\u0142 ok\u0142adki do grzbietu i ju\u017c.&nbsp;<br>2) Bierzecie wielki gruby kawa\u0142 filcu (tak, s\u0105 r\u00f3\u017cne&nbsp;grubo\u015bci w sprzeda\u017cy, na strony wystarczy taki p\u00f3\u0142toramilimetrowy, a na ok\u0142adk\u0119 &#8211; ze cztery mm&#8230;), docinacie go tak, \u017ceby tworzy\u0142 prostok\u0105t zawieraj\u0105cy prz\u00f3d ok\u0142adki, grzbiet i ty\u0142 jednocze\u015bnie, a w \u015brodku mia\u0142 zmieszczone wszystkie &#8220;kartki&#8221;. Nast\u0119pnie wyszywacie co\u015b na przedniej stronie ok\u0142adki (zyskuj\u0105c dodatkow\u0105 stron\u0119 zabawy dla dziecka), a na jej odwrocie naszywacie jedn\u0105 wykonan\u0105 wcze\u015bniej i od\u0142o\u017con\u0105 w tym celu stron\u0119 ksi\u0105\u017ceczki. Podobnie czynicie z ok\u0142adk\u0105 zewn\u0119trzn\u0105 (znowu zyskuj\u0105c stron\u0119 dodatkow\u0105).&nbsp;Na wewn\u0119trznej stronie grzbietu ok\u0142adki przyklejacie wst\u0105\u017ceczki \u0142\u0105cz\u0105ce wszystkie uszyte strony, a potem naszywacie, lub przyklejacie&nbsp;pod\u0142u\u017cny prostok\u0105t filcu ukrywaj\u0105cy te klejenia. I ju\u017c.<\/p>\n\n\n\n<p>Polecam r\u00f3wnie\u017c pogrzeba\u0107 w Pintere\u015bcie, albo gdzie indziej, wzor\u00f3w i pomys\u0142\u00f3w jest w internecie krocie!<br><br>Powodzenia, trzymam kciuki.<\/p>\n\n\n\n<p>Ola<\/p>\n\n\n\n<ul class=\"wp-block-gallery columns-3 is-cropped wp-block-gallery-2 is-layout-flex wp-block-gallery-is-layout-flex\"><li class=\"blocks-gallery-item\"><figure><img loading=\"lazy\" decoding=\"async\" width=\"800\" height=\"801\" src=\"https:\/\/uszytki.pl\/wp-content\/uploads\/2020\/05\/QB4.jpg\" alt=\"\" data-id=\"2335\" class=\"wp-image-2335\" srcset=\"https:\/\/uszytki.pl\/wp-content\/uploads\/2020\/05\/QB4.jpg 800w, https:\/\/uszytki.pl\/wp-content\/uploads\/2020\/05\/QB4-150x150.jpg 150w, https:\/\/uszytki.pl\/wp-content\/uploads\/2020\/05\/QB4-300x300.jpg 300w, https:\/\/uszytki.pl\/wp-content\/uploads\/2020\/05\/QB4-768x769.jpg 768w, https:\/\/uszytki.pl\/wp-content\/uploads\/2020\/05\/QB4-60x60.jpg 60w, https:\/\/uszytki.pl\/wp-content\/uploads\/2020\/05\/QB4-100x100.jpg 100w\" sizes=\"auto, (max-width: 800px) 100vw, 800px\" \/><\/figure><\/li><li class=\"blocks-gallery-item\"><figure><img loading=\"lazy\" decoding=\"async\" width=\"800\" height=\"799\" src=\"https:\/\/uszytki.pl\/wp-content\/uploads\/2020\/05\/b5.jpg\" alt=\"\" data-id=\"2343\" data-link=\"https:\/\/uszytki.pl\/jak-uszyc-ksiazeczke-sensoryczna\/b5-2\/\" class=\"wp-image-2343\" srcset=\"https:\/\/uszytki.pl\/wp-content\/uploads\/2020\/05\/b5.jpg 800w, https:\/\/uszytki.pl\/wp-content\/uploads\/2020\/05\/b5-150x150.jpg 150w, https:\/\/uszytki.pl\/wp-content\/uploads\/2020\/05\/b5-300x300.jpg 300w, https:\/\/uszytki.pl\/wp-content\/uploads\/2020\/05\/b5-768x767.jpg 768w, https:\/\/uszytki.pl\/wp-content\/uploads\/2020\/05\/b5-60x60.jpg 60w, https:\/\/uszytki.pl\/wp-content\/uploads\/2020\/05\/b5-100x100.jpg 100w\" sizes=\"auto, (max-width: 800px) 100vw, 800px\" \/><\/figure><\/li><li class=\"blocks-gallery-item\"><figure><img loading=\"lazy\" decoding=\"async\" width=\"800\" height=\"802\" src=\"https:\/\/uszytki.pl\/wp-content\/uploads\/2020\/05\/b10.jpg\" alt=\"\" data-id=\"2344\" data-link=\"https:\/\/uszytki.pl\/jak-uszyc-ksiazeczke-sensoryczna\/b10\/\" class=\"wp-image-2344\" srcset=\"https:\/\/uszytki.pl\/wp-content\/uploads\/2020\/05\/b10.jpg 800w, https:\/\/uszytki.pl\/wp-content\/uploads\/2020\/05\/b10-150x150.jpg 150w, https:\/\/uszytki.pl\/wp-content\/uploads\/2020\/05\/b10-300x301.jpg 300w, https:\/\/uszytki.pl\/wp-content\/uploads\/2020\/05\/b10-768x770.jpg 768w, https:\/\/uszytki.pl\/wp-content\/uploads\/2020\/05\/b10-60x60.jpg 60w, https:\/\/uszytki.pl\/wp-content\/uploads\/2020\/05\/b10-100x100.jpg 100w\" sizes=\"auto, (max-width: 800px) 100vw, 800px\" \/><\/figure><\/li><li class=\"blocks-gallery-item\"><figure><img loading=\"lazy\" decoding=\"async\" width=\"800\" height=\"799\" src=\"https:\/\/uszytki.pl\/wp-content\/uploads\/2020\/05\/b16.jpg\" alt=\"\" data-id=\"2345\" data-link=\"https:\/\/uszytki.pl\/jak-uszyc-ksiazeczke-sensoryczna\/b16\/\" class=\"wp-image-2345\" srcset=\"https:\/\/uszytki.pl\/wp-content\/uploads\/2020\/05\/b16.jpg 800w, https:\/\/uszytki.pl\/wp-content\/uploads\/2020\/05\/b16-150x150.jpg 150w, https:\/\/uszytki.pl\/wp-content\/uploads\/2020\/05\/b16-300x300.jpg 300w, https:\/\/uszytki.pl\/wp-content\/uploads\/2020\/05\/b16-768x767.jpg 768w, https:\/\/uszytki.pl\/wp-content\/uploads\/2020\/05\/b16-60x60.jpg 60w, https:\/\/uszytki.pl\/wp-content\/uploads\/2020\/05\/b16-100x100.jpg 100w\" sizes=\"auto, (max-width: 800px) 100vw, 800px\" \/><\/figure><\/li><li class=\"blocks-gallery-item\"><figure><img loading=\"lazy\" decoding=\"async\" width=\"800\" height=\"802\" src=\"https:\/\/uszytki.pl\/wp-content\/uploads\/2020\/05\/b17.jpg\" alt=\"\" data-id=\"2346\" data-link=\"https:\/\/uszytki.pl\/jak-uszyc-ksiazeczke-sensoryczna\/b17\/\" class=\"wp-image-2346\" srcset=\"https:\/\/uszytki.pl\/wp-content\/uploads\/2020\/05\/b17.jpg 800w, https:\/\/uszytki.pl\/wp-content\/uploads\/2020\/05\/b17-150x150.jpg 150w, https:\/\/uszytki.pl\/wp-content\/uploads\/2020\/05\/b17-300x301.jpg 300w, https:\/\/uszytki.pl\/wp-content\/uploads\/2020\/05\/b17-768x770.jpg 768w, https:\/\/uszytki.pl\/wp-content\/uploads\/2020\/05\/b17-60x60.jpg 60w, https:\/\/uszytki.pl\/wp-content\/uploads\/2020\/05\/b17-100x100.jpg 100w\" sizes=\"auto, (max-width: 800px) 100vw, 800px\" \/><\/figure><\/li><li class=\"blocks-gallery-item\"><figure><img loading=\"lazy\" decoding=\"async\" width=\"800\" height=\"802\" src=\"https:\/\/uszytki.pl\/wp-content\/uploads\/2020\/05\/b19.jpg\" alt=\"\" data-id=\"2347\" data-link=\"https:\/\/uszytki.pl\/jak-uszyc-ksiazeczke-sensoryczna\/b19\/\" class=\"wp-image-2347\" srcset=\"https:\/\/uszytki.pl\/wp-content\/uploads\/2020\/05\/b19.jpg 800w, https:\/\/uszytki.pl\/wp-content\/uploads\/2020\/05\/b19-150x150.jpg 150w, https:\/\/uszytki.pl\/wp-content\/uploads\/2020\/05\/b19-300x301.jpg 300w, https:\/\/uszytki.pl\/wp-content\/uploads\/2020\/05\/b19-768x770.jpg 768w, https:\/\/uszytki.pl\/wp-content\/uploads\/2020\/05\/b19-60x60.jpg 60w, https:\/\/uszytki.pl\/wp-content\/uploads\/2020\/05\/b19-100x100.jpg 100w\" sizes=\"auto, (max-width: 800px) 100vw, 800px\" \/><\/figure><\/li><li class=\"blocks-gallery-item\"><figure><img loading=\"lazy\" decoding=\"async\" width=\"800\" height=\"799\" src=\"https:\/\/uszytki.pl\/wp-content\/uploads\/2020\/05\/b20.jpg\" alt=\"\" data-id=\"2348\" data-link=\"https:\/\/uszytki.pl\/jak-uszyc-ksiazeczke-sensoryczna\/b20\/\" class=\"wp-image-2348\" srcset=\"https:\/\/uszytki.pl\/wp-content\/uploads\/2020\/05\/b20.jpg 800w, https:\/\/uszytki.pl\/wp-content\/uploads\/2020\/05\/b20-150x150.jpg 150w, https:\/\/uszytki.pl\/wp-content\/uploads\/2020\/05\/b20-300x300.jpg 300w, https:\/\/uszytki.pl\/wp-content\/uploads\/2020\/05\/b20-768x767.jpg 768w, https:\/\/uszytki.pl\/wp-content\/uploads\/2020\/05\/b20-60x60.jpg 60w, https:\/\/uszytki.pl\/wp-content\/uploads\/2020\/05\/b20-100x100.jpg 100w\" sizes=\"auto, (max-width: 800px) 100vw, 800px\" \/><\/figure><\/li><li class=\"blocks-gallery-item\"><figure><img loading=\"lazy\" decoding=\"async\" width=\"800\" height=\"801\" src=\"https:\/\/uszytki.pl\/wp-content\/uploads\/2020\/05\/b23.jpg\" alt=\"\" data-id=\"2349\" data-link=\"https:\/\/uszytki.pl\/jak-uszyc-ksiazeczke-sensoryczna\/b23\/\" class=\"wp-image-2349\" srcset=\"https:\/\/uszytki.pl\/wp-content\/uploads\/2020\/05\/b23.jpg 800w, https:\/\/uszytki.pl\/wp-content\/uploads\/2020\/05\/b23-150x150.jpg 150w, https:\/\/uszytki.pl\/wp-content\/uploads\/2020\/05\/b23-300x300.jpg 300w, https:\/\/uszytki.pl\/wp-content\/uploads\/2020\/05\/b23-768x769.jpg 768w, https:\/\/uszytki.pl\/wp-content\/uploads\/2020\/05\/b23-60x60.jpg 60w, https:\/\/uszytki.pl\/wp-content\/uploads\/2020\/05\/b23-100x100.jpg 100w\" sizes=\"auto, (max-width: 800px) 100vw, 800px\" \/><\/figure><\/li><li class=\"blocks-gallery-item\"><figure><img loading=\"lazy\" decoding=\"async\" width=\"800\" height=\"799\" src=\"https:\/\/uszytki.pl\/wp-content\/uploads\/2020\/05\/b26.jpg\" alt=\"\" data-id=\"2350\" data-link=\"https:\/\/uszytki.pl\/jak-uszyc-ksiazeczke-sensoryczna\/b26\/\" class=\"wp-image-2350\" srcset=\"https:\/\/uszytki.pl\/wp-content\/uploads\/2020\/05\/b26.jpg 800w, https:\/\/uszytki.pl\/wp-content\/uploads\/2020\/05\/b26-150x150.jpg 150w, https:\/\/uszytki.pl\/wp-content\/uploads\/2020\/05\/b26-300x300.jpg 300w, https:\/\/uszytki.pl\/wp-content\/uploads\/2020\/05\/b26-768x767.jpg 768w, https:\/\/uszytki.pl\/wp-content\/uploads\/2020\/05\/b26-60x60.jpg 60w, https:\/\/uszytki.pl\/wp-content\/uploads\/2020\/05\/b26-100x100.jpg 100w\" sizes=\"auto, (max-width: 800px) 100vw, 800px\" \/><\/figure><\/li><li class=\"blocks-gallery-item\"><figure><img loading=\"lazy\" decoding=\"async\" width=\"800\" height=\"799\" src=\"https:\/\/uszytki.pl\/wp-content\/uploads\/2020\/05\/b29.jpg\" alt=\"\" data-id=\"2351\" data-link=\"https:\/\/uszytki.pl\/jak-uszyc-ksiazeczke-sensoryczna\/b29\/\" class=\"wp-image-2351\" srcset=\"https:\/\/uszytki.pl\/wp-content\/uploads\/2020\/05\/b29.jpg 800w, https:\/\/uszytki.pl\/wp-content\/uploads\/2020\/05\/b29-150x150.jpg 150w, https:\/\/uszytki.pl\/wp-content\/uploads\/2020\/05\/b29-300x300.jpg 300w, https:\/\/uszytki.pl\/wp-content\/uploads\/2020\/05\/b29-768x767.jpg 768w, https:\/\/uszytki.pl\/wp-content\/uploads\/2020\/05\/b29-60x60.jpg 60w, https:\/\/uszytki.pl\/wp-content\/uploads\/2020\/05\/b29-100x100.jpg 100w\" sizes=\"auto, (max-width: 800px) 100vw, 800px\" \/><\/figure><\/li><\/ul>\n\n\n\n<p><br>Ola <\/p>\n","protected":false},"excerpt":{"rendered":"<p>Cze\u015b\u0107, moi drodzy! Ja naprawd\u0119 nie kokietowa\u0142am twierdz\u0105c niejednokrotnie, \u017ce wi\u0119cej si\u0119 za tak\u0105 tw\u00f3rczo\u015b\u0107 nie wezm\u0119, a mimo to do\u015b\u0107 cz\u0119sto dostaj\u0119 od kogo\u015b pro\u015bb\u0119, \u017ceby jednak zrobi\u0107 wyj\u0105tek i jeszcze jedn\u0105, dwie, trzy&#8230; uszy\u0107. Postanowi\u0142am wyj\u015b\u0107 Wam naprzeciw i poczyni\u0107 kr\u00f3tk\u0105 instrukcj\u0119 samodzielnego stworzenia quiet book. Najpierw zamieszcz\u0119 linki do kilku spo\u015br\u00f3d moich [&hellip;]<\/p>\n","protected":false},"author":1,"featured_media":2341,"comment_status":"open","ping_status":"open","sticky":false,"template":"","format":"standard","meta":{"footnotes":""},"categories":[17,1],"tags":[248,247,174,120],"class_list":["post-2329","post","type-post","status-publish","format-standard","has-post-thumbnail","hentry","category-nie-la-le","category-uszytki","tag-instrukcja","tag-ksiazeczka-sensoryczna","tag-quiet-book","tag-tutorial"],"_links":{"self":[{"href":"https:\/\/uszytki.pl\/en\/wp-json\/wp\/v2\/posts\/2329","targetHints":{"allow":["GET"]}}],"collection":[{"href":"https:\/\/uszytki.pl\/en\/wp-json\/wp\/v2\/posts"}],"about":[{"href":"https:\/\/uszytki.pl\/en\/wp-json\/wp\/v2\/types\/post"}],"author":[{"embeddable":true,"href":"https:\/\/uszytki.pl\/en\/wp-json\/wp\/v2\/users\/1"}],"replies":[{"embeddable":true,"href":"https:\/\/uszytki.pl\/en\/wp-json\/wp\/v2\/comments?post=2329"}],"version-history":[{"count":8,"href":"https:\/\/uszytki.pl\/en\/wp-json\/wp\/v2\/posts\/2329\/revisions"}],"predecessor-version":[{"id":2352,"href":"https:\/\/uszytki.pl\/en\/wp-json\/wp\/v2\/posts\/2329\/revisions\/2352"}],"wp:featuredmedia":[{"embeddable":true,"href":"https:\/\/uszytki.pl\/en\/wp-json\/wp\/v2\/media\/2341"}],"wp:attachment":[{"href":"https:\/\/uszytki.pl\/en\/wp-json\/wp\/v2\/media?parent=2329"}],"wp:term":[{"taxonomy":"category","embeddable":true,"href":"https:\/\/uszytki.pl\/en\/wp-json\/wp\/v2\/categories?post=2329"},{"taxonomy":"post_tag","embeddable":true,"href":"https:\/\/uszytki.pl\/en\/wp-json\/wp\/v2\/tags?post=2329"}],"curies":[{"name":"wp","href":"https:\/\/api.w.org\/{rel}","templated":true}]}}